[{"@context":"https:\/\/schema.org\/","@type":"Article","@id":"https:\/\/www.r52.cz\/jaka-je-nase-ekonomika\/#Article","mainEntityOfPage":"https:\/\/www.r52.cz\/jaka-je-nase-ekonomika\/","headline":"Jak\u00e1 je na\u0161e ekonomika?","name":"Jak\u00e1 je na\u0161e ekonomika?","description":"O tom, \u017ee bychom my lid\u00e9 v\u00a0dne\u0161n\u00ed dob\u011b bez ekonomiky neobst\u00e1li, nen\u00ed sporu. K\u00a0takov\u00e9mu z\u00e1v\u011bru mus\u00ed nevyhnuteln\u011b dosp\u011bt ka\u017ed\u00fd, kdo&hellip;","datePublished":"2022-03-22","dateModified":"2023-05-24","author":{"@type":"Person","@id":"https:\/\/www.r52.cz\/author\/#Person","name":"","url":"https:\/\/www.r52.cz\/author\/","identifier":1,"image":{"@type":"ImageObject","@id":"https:\/\/secure.gravatar.com\/avatar\/df9d3e7f7fe4622e291ec02ac46f5f76755ddc91019a65e783baee3892394402?s=96&d=mm&r=g","url":"https:\/\/secure.gravatar.com\/avatar\/df9d3e7f7fe4622e291ec02ac46f5f76755ddc91019a65e783baee3892394402?s=96&d=mm&r=g","height":96,"width":96}},"publisher":{"@type":"Organization","name":"r52.cz","logo":{"@type":"ImageObject","@id":"\/logo.png","url":"\/logo.png","width":600,"height":60}},"image":{"@type":"ImageObject","@id":"https:\/\/www.r52.cz\/wp-content\/uploads\/drobn%C3%A1%20eura_6.jpg","url":"https:\/\/www.r52.cz\/wp-content\/uploads\/drobn%C3%A1%20eura_6.jpg","height":0,"width":0},"url":"https:\/\/www.r52.cz\/jaka-je-nase-ekonomika\/","about":["Ekonomika"],"wordCount":462,"articleBody":"O tom, \u017ee bychom my lid\u00e9 v\u00a0dne\u0161n\u00ed dob\u011b bez ekonomiky neobst\u00e1li, nen\u00ed sporu. K\u00a0takov\u00e9mu z\u00e1v\u011bru mus\u00ed nevyhnuteln\u011b dosp\u011bt ka\u017ed\u00fd, kdo se nad t\u00edm aspo\u0148 trochu hloub\u011bji zamysl\u00ed. Ka\u017ed\u00fd si toti\u017e vcelku snadno uv\u011bdom\u00ed, co z\u00a0v\u00fddobytk\u016f modern\u00ed civilizace by si dok\u00e1zal zajistit vlastn\u00edmi silami a schopnostmi, a vyjde mu tedy, \u017ee by nem\u011bl skoro nic, ani to, co u\u017e dnes pova\u017eujeme za naprost\u00e9 samoz\u0159ejmosti, kdyby si to nemohl od nikoho koupit.Neb\u00fdt funguj\u00edc\u00ed ekonomiky, ka\u017ed\u00fd \u010dlov\u011bk by si hr\u00e1l takzvan\u011b na sv\u00e9m vlastn\u00edm p\u00edse\u010dku, nic by nenab\u00edzel ostatn\u00edm a ani by od t\u011bch ostatn\u00edch nemohl v\u016fbec nic o\u010dek\u00e1vat. A to by byla pro lidstvo katastrofa, proto\u017ee by v\u011bt\u0161ina lid\u00ed z\u0159ejm\u011b v\u016fbec nep\u0159e\u017eila a men\u0161ina by se zm\u011bnila v\u00a0pouhou divou zv\u011b\u0159, sv\u00e1d\u011bj\u00edc\u00ed dnes a denn\u011b boj o hol\u00e9 p\u0159e\u017eit\u00ed ve skoup\u00e9 p\u0159\u00edrod\u011b.A tak je dob\u0159e, \u017ee ekonomika existuje. D\u00edky n\u00ed m\u00e1me toti\u017e pen\u00edze a d\u00edky pen\u011bz\u016fm si m\u016f\u017eeme po\u0159izovat to, co je n\u00e1m zrovna zapot\u0159eb\u00ed. N\u011bkdo jich m\u00e1 sice v\u00edc a n\u011bkdo m\u00ed\u0148, ale v\u0161ichni aspo\u0148 n\u011bjak\u00e9 m\u00e1me a m\u016f\u017eeme je tedy utr\u00e1cet.A jak\u00e1 je vlastn\u011b na\u0161e ekonomika? Je dokonal\u00e1 nebo sp\u00ed\u0161e nefunk\u010dn\u00ed, je tu v\u0161echno takov\u00e9, jak\u00e9 by to m\u011blo b\u00fdt, nebo je to jen spousta nedostatk\u016f?Jak se to vezme. Ur\u010dit\u011b o na\u0161\u00ed ekonomice nelze mluvit jako o n\u011bjak\u00e9m z\u00e1zraku, ov\u0161em ani za tragicky vyhl\u00ed\u017eej\u00edc\u00ed ji (dosud) tak\u00e9 nem\u016f\u017eeme pova\u017eovat. Na jednu stranu tu nem\u00e1me lidi um\u00edraj\u00edc\u00ed hlady, na stran\u011b druh\u00e9 tu v\u0161ak m\u00e1me jak zn\u00e1mo \u0159\u00e1dov\u011b milion lid\u00ed pot\u00fdkaj\u00edc\u00edch se s\u00a0t\u00edm, co se u n\u00e1s pova\u017euje za b\u00eddu. M\u00e1me tu obstojn\u011b zaji\u0161t\u011bn\u00e9 penzisty, invalidy a nezam\u011bstnan\u00e9, z\u00e1rove\u0148 ale m\u00e1me i ob\u0159\u00ed st\u00e1tn\u00ed dluh, kter\u00fd se jen tak jednodu\u0161e nesplat\u00ed. M\u00e1me tu na to, abychom si krom\u011b sv\u00fdch chud\u00fdch mohli dovolit i p\u0159\u00edsp\u011bvky a dal\u0161\u00ed pomoc ute\u010denc\u016fm z\u00a0Ukrajiny, ale nem\u00e1me na kdeco dal\u0161\u00edho. Prozat\u00edm se tu zvy\u0161uj\u00ed i p\u0159\u00edjmy lid\u00ed, je\u017e ale vz\u00e1p\u011bt\u00ed ztr\u00e1cej\u00ed hodnotu kv\u016fli inflaci.Zkr\u00e1tka m\u00e1me v\u0161elijakou ekonomiku. Jakou n\u00e1m sice mohou leckde ve sv\u011bt\u011b z\u00e1vid\u011bt, aly py\u0161nit se j\u00ed nem\u016f\u017eeme.                                                                                                                                                                                                                                                                                                                                                                                        4\/5 - (11 votes)        "},{"@context":"https:\/\/schema.org\/","@type":"BreadcrumbList","itemListElement":[{"@type":"ListItem","position":1,"name":"Jak\u00e1 je na\u0161e ekonomika?","item":"https:\/\/www.r52.cz\/jaka-je-nase-ekonomika\/#breadcrumbitem"}]}]